{"id":43760,"date":"2023-01-25T11:09:45","date_gmt":"2023-01-25T10:09:45","guid":{"rendered":"https:\/\/www.sjonara.se\/sv\/?p=43760"},"modified":"2023-04-18T10:13:50","modified_gmt":"2023-04-18T08:13:50","slug":"vildfaglar","status":"publish","type":"post","link":"https:\/\/www.sjonara.se\/sv\/2023\/01\/vildfaglar\/","title":{"rendered":"F\u00e5glarnas b\u00e4sta v\u00e4n"},"content":{"rendered":"<p><b>P\u00e5 Stockholms Vildf\u00e5gel rehab g\u00f6rs det ingen skillnad p\u00e5 en utsk\u00e4lld stadsduva eller en beundrad havs\u00f6rn. Hos grundaren, eldsj\u00e4len och djurv\u00e4nnen Victor Persson \u00e4r alla f\u00e5glar lika mycket v\u00e4rda. Han \u00e4r k\u00e4nd f\u00f6r att fixa de mest om\u00f6jliga skador p\u00e5 sina patienter &#8211; med sitt eget liv som insats.<\/b><\/p>\n<p><em>Text: Therese Jahnson Bild: <a href=\"https:\/\/svr.nu\/\">Stockholm Vildf\u00e5gel Rehab<\/a><\/em><\/p>\n<p>Den ljusgr\u00e5a enplansvillan, bel\u00e4gen i ett lugnt villaomr\u00e5de i \u00c5kersberga, ser vid f\u00f6rsta anblicken ut som vilken vanlig villa som helst. Det som inte syns fr\u00e5n gatan \u00e4r de gigantiska f\u00e5gelburarna som pryder skogstomtens baksida. Grundaren av Stockholms vildf\u00e5gel rehab, Victor Persson, visar mig runt bland tilltufsade silltrutar, svanar och stadsduvor. Stadsduvorna bor i ett isolerat hus, inrett med sittpinnar, element och en nattlampa, ber\u00e4ttar han stolt. Det \u00e4r ingen tvekan om att alla f\u00e5glar, oavsett art, har det bra h\u00e4r.<\/p>\n<p>&#8211; H\u00e4r inne \u00e4r det hopp och flax-tr\u00e4ning och buren intill \u00e4r till f\u00f6r flygtr\u00e4ning, ber\u00e4ttar Victor och pekar entusiastiskt framf\u00f6r sig. F\u00e5glar som anv\u00e4nder sina vingar f\u00f6r att hitta mat och jaga r\u00f6rliga byten \u00e4r vi v\u00e4ldigt noga med att flygtr\u00e4na.<\/p>\n<p>Victor har alltid \u00e4lskat djur men f\u00e5glar \u00e4r alltid det djur han kunnat mest om, \u00e4nda sedan barnsben. Men n\u00e5gon f\u00e5gelsk\u00e5dare har han aldrig varit.<br \/>\n&#8211; Jag \u00e4r mer intresserad av hur de lever etologiskt och funkar anatomiskt, s\u00e4ger Victor.<\/p>\n<p>Idag \u00e4r han den enda viltrehabiliteraren i hela Svealand, G\u00e4strikland och \u00d6stra G\u00f6taland som har tillst\u00e5nd f\u00f6r rehab av alla f\u00e5gelarter.<br \/>\n&#8211; Det betyder att jag inte beh\u00f6ver avliva svanen, \u00f6rnen eller duvan som hittas skadad. Vi har faktiskt tillst\u00e5nd att sy ihop den, s\u00e5r-behandla den och avgifta den. Vi \u00e4r k\u00e4nda f\u00f6r att laga skador som man kan tycka \u00e4r avlivningsfall.<\/p>\n<p><img loading=\"lazy\" decoding=\"async\" class=\"alignleft size-large wp-image-43765\" src=\"https:\/\/www.sjonara.se\/sv\/wp-content\/uploads\/sites\/2\/vic-900x896.jpg\" alt=\"\" width=\"900\" height=\"896\" srcset=\"https:\/\/www.sjonara.se\/sv\/wp-content\/uploads\/sites\/2\/vic-900x896.jpg 900w, https:\/\/www.sjonara.se\/sv\/wp-content\/uploads\/sites\/2\/vic-400x398.jpg 400w, https:\/\/www.sjonara.se\/sv\/wp-content\/uploads\/sites\/2\/vic-250x250.jpg 250w, https:\/\/www.sjonara.se\/sv\/wp-content\/uploads\/sites\/2\/vic-768x765.jpg 768w, https:\/\/www.sjonara.se\/sv\/wp-content\/uploads\/sites\/2\/vic-200x200.jpg 200w, https:\/\/www.sjonara.se\/sv\/wp-content\/uploads\/sites\/2\/vic-338x337.jpg 338w, https:\/\/www.sjonara.se\/sv\/wp-content\/uploads\/sites\/2\/vic.jpg 1372w\" sizes=\"auto, (max-width: 900px) 100vw, 900px\" \/><br \/>\n<b>Victor vill ge alla f\u00e5glar en chans<\/b><br \/>\nId\u00e9en att starta en egen rehabilitering av f\u00e5glar fick Victor n\u00e4r han jobbade med att k\u00f6ra djurambulans runt om i Stockholms l\u00e4n. Han uppt\u00e4ckte d\u00e5 att veterin\u00e4rklinikerna inte prioriterade att r\u00e4dda de f\u00e5glar som l\u00e4mnades in, \u00e4ven om skadorna var sm\u00e5 och gick att laga.<br \/>\n&#8211; Vi kunde h\u00e5lla p\u00e5 i timmar med att f\u00e5nga in en skadad gr\u00e4sand som sedan bara avlivades. De tog bara hand om h\u00e4ftigare djur, ber\u00e4ttar Victor.<\/p>\n<p>2014 fick Victor och hans pappa Lars Persson tillst\u00e5nd fr\u00e5n L\u00e4nsstyrelsen att starta ett eget rehabiliteringscenter f\u00f6r vilda f\u00e5glar. I b\u00f6rjan var det bara fokus p\u00e5 att r\u00e4dda duvor, svanar och \u00e4nder &#8211; de f\u00e5glar som ingen annan ville ta hand om. Men helt pl\u00f6tsligt tog de b\u00e5de havs\u00f6rnar och ugglor under sina vingar. Rehabiliteringen startade p\u00e5 f\u00f6r\u00e4ldrarnas tomt men n\u00e4r antalet f\u00e5gelpatienter hastigt \u00f6kade till ca 1500-1800 stycken per \u00e5r r\u00e4ckte inte ytan till. S\u00e5 n\u00e4r granntomten tillslut blev till salu kunde Victor k\u00f6pa den och bygga ut verksamheten. Idag \u00e4r tr\u00e4villan som ligger p\u00e5 tomten \u00e4ven hans hem och tr\u00e4dg\u00e5rden delar han med sina patienter. F\u00e5glarna har blivit hans liv, n\u00e5got som kostar i tid och inte minst i pengar.<\/p>\n<p>&#8211; Du kan inte ta emot skadade djur, g\u00e5 till jobbet och sedan bara hoppas p\u00e5 att de \u00f6verlever tills man kommer hem. De beh\u00f6ver tillsyn, mediciner och rehab, s\u00e4ger Victor.<\/p>\n<p><img loading=\"lazy\" decoding=\"async\" class=\"alignleft wp-image-43761 size-medium\" src=\"https:\/\/www.sjonara.se\/sv\/wp-content\/uploads\/sites\/2\/josefinejonsson_20200426_0154-683x1024-1-400x600.jpg\" alt=\"\" width=\"400\" height=\"600\" srcset=\"https:\/\/www.sjonara.se\/sv\/wp-content\/uploads\/sites\/2\/josefinejonsson_20200426_0154-683x1024-1-400x600.jpg 400w, https:\/\/www.sjonara.se\/sv\/wp-content\/uploads\/sites\/2\/josefinejonsson_20200426_0154-683x1024-1-133x200.jpg 133w, https:\/\/www.sjonara.se\/sv\/wp-content\/uploads\/sites\/2\/josefinejonsson_20200426_0154-683x1024-1-225x337.jpg 225w, https:\/\/www.sjonara.se\/sv\/wp-content\/uploads\/sites\/2\/josefinejonsson_20200426_0154-683x1024-1.jpg 683w\" sizes=\"auto, (max-width: 400px) 100vw, 400px\" \/><\/p>\n<p><b>Bidrag fr\u00e5n privatpersoner<\/b><br \/>\nIdag drivs kliniken som en ideell f\u00f6rening. Bidragen kommer inte fr\u00e5n kommunen eller n\u00e5gon statlig myndighet utan det \u00e4r helt och h\u00e5llet djur\u00e4lskande privatpersoner som swishar in summor. F\u00f6rutom Victor jobbar nu sex stycken volont\u00e4rer p\u00e5 kliniken, d\u00e4ribland hans f\u00f6r\u00e4ldrar som hj\u00e4lpt till fr\u00e5n allra f\u00f6rsta b\u00f6rjan. Tre stycken volont\u00e4rer hj\u00e4lper till ute p\u00e5 f\u00e4ltet.<\/p>\n<p>Vi vandrar vidare bland f\u00e5gelkvittret p\u00e5 Stockholms vildf\u00e5gel rehab. Europas st\u00f6rsta uggla, Berguven, huserar i den st\u00f6rsta buren p\u00e5 tomten. Han hittades med ena vingen bruten i tv\u00e5 delar efter en spr\u00e4ngning i ett berg.<br \/>\n&#8211; De hade missat att Berguven h\u00e4ckade i berget. Den h\u00e4r klarade sig, men hans f\u00f6r\u00e4ldrar dog, f\u00f6rklarar Victor d\u00e4r vi st\u00e5r p\u00e5 lagom avst\u00e5nd och beundrar den st\u00e5tliga ugglan.<\/p>\n<p>Berguven, som hittills suttit blixtstilla uppe i ett h\u00f6rn, breder nu ut sina stora vingar och flyger bort till andra sidan. Victor har satt upp flera kameror i buren s\u00e5 att han kan f\u00f6lja ugglans utveckling. Det \u00e4r viktigt att den kan flyga riktigt innan den sl\u00e4pps ut i frihet igen.<\/p>\n<p><b>Alla arter klarar inte en l\u00e4kt skada<\/b><br \/>\n80-85 procent av de ca 2000 f\u00e5glar som kommer in till kliniken varje \u00e5r \u00e5terh\u00e4mtar sig s\u00e5 pass bra att de kan sl\u00e4ppas ut i det fria efter rehabiliteringen. Men i vissa fall \u00e4r det mer humant att avliva \u00e4n att rehabilitera en f\u00e5gel. Det \u00e4r helt beroende p\u00e5 hur arten lever, f\u00f6rklarar Victor.<\/p>\n<p>&#8211; Jag kan laga en vinge p\u00e5 en Bivr\u00e5k men det kommer att bli ett litet handikapp och det kan inte den arten klara, f\u00f6r den ska ner till Angola och tillbaka. Du fixar den och s\u00e5 sl\u00e4pper du ut den och s\u00e5 st\u00f6rtar den i medelhavet eller i Gobi\u00f6knen. Eller s\u00e5 f\u00e5r den \u00f6verbelastnings-artros i den friska vingen f\u00f6r att den m\u00e5ste kompensera och d\u00e5 sv\u00e4lter den ihj\u00e4l. En Ormvr\u00e5k kan vara mer station\u00e4r och jaga p\u00e5 ett helt annat s\u00e4tt och klara det handikappet som blir av en fraktur som l\u00e4kt ihop igen.<\/p>\n<p>De ringm\u00e4rker alla f\u00e5glar som flyger l\u00e5ngt med naturhistoriska riksmuseet, p\u00e5 s\u00e5 vis har de koll p\u00e5 att de klarar sig hela v\u00e4gen och inte d\u00f6r redan n\u00e4r de kommit ett kvarter bort.<br \/>\n&#8211; Vi har ringm\u00e4rkt \u00f6ver 1000 f\u00e5glar och rapporterna vi f\u00e5r in fr\u00e5n hela v\u00e4rlden visar p\u00e5 att det vi g\u00f6r fungerar.<\/p>\n<p><b>Blyf\u00f6rgiftning \u00e4r ett stort problem<\/b><br \/>\nTelefonen ringer konstant under tiden vi sitter p\u00e5 altanen och pratar. En vanlig dag s\u00e5 h\u00e4r i mitten p\u00e5 september kan det vara upp emot 30-40 personer som ringer in med rapporter om skadade f\u00e5glar. Under sommarhalv\u00e5ret \u00f6kar antalet samtal till ca 130-180 per dag.<br \/>\n&#8211; Folk ringer in flera g\u00e5nger i veckan med rapporter om svanar som sitter fast i fiskelinor. Det \u00e4r extremt mycket skr\u00e4p och fiskelinor i vassarna, s\u00e4ger Victor.<\/p>\n<p>Att f\u00e5glarna f\u00e5r i sig bly \u00e4r ocks\u00e5 en stor anledning till skador. Svanarna blir blyf\u00f6rgiftade av bland annat blym\u00f6njef\u00e4rg &#8211; en f\u00e4rg som f\u00f6rut anv\u00e4ndes f\u00f6r underredsbehandling av b\u00e5tar. Blym\u00f6njef\u00e4rg som sjunkit ner till havets botten \u00e5ker upp till ytan igen n\u00e4r det t.ex muddras vid bygge av en ny brygga eller ramp. P\u00e5 s\u00e5 vis f\u00e5r svanarna i sig bly n\u00e4r de \u00e4ter.<\/p>\n<p><b>Victor ber\u00e4ttar att de f\u00e5r in ca 15-25 havs\u00f6rn per \u00e5r och att 99,9 procent av dem har blyskador.<\/b><br \/>\nDen stora sj\u00f6f\u00e5geljakten, jakten p\u00e5 skarvar och den \u00f6kade s\u00e4ljakten \u00e4r problemet, f\u00f6rklarar han. Havs\u00f6rnarna blir blyf\u00f6rgiftade n\u00e4r de \u00e4ter det kvarl\u00e4mnade djuret som blivit skjutet med blyhagel. Slaktrester som l\u00e4mnas i skogen efter jakt \u00e4r ocks\u00e5 ett problem.<br \/>\n&#8211; Kan man ta med sig bytet eller kan man v\u00e4lja ett blyfritt alternativ att skjuta med? Det finns en hel uppsj\u00f6 av det idag. M\u00e5nga j\u00e4gare \u00e4r dock extremt duktiga och h\u00e4nvisar till oss och hj\u00e4lper till, s\u00e5 inget ont om j\u00e4garna och jakten. Jag \u00e4r j\u00e4gare sj\u00e4lv. Det som avg\u00f6r \u00e4r hur man agerar efter att man skjutit skottet.<\/p>\n<p><img loading=\"lazy\" decoding=\"async\" class=\"alignleft size-large wp-image-43764\" src=\"https:\/\/www.sjonara.se\/sv\/wp-content\/uploads\/sites\/2\/PBH-8968-900x675.jpg\" alt=\"\" width=\"900\" height=\"675\" srcset=\"https:\/\/www.sjonara.se\/sv\/wp-content\/uploads\/sites\/2\/PBH-8968-900x675.jpg 900w, https:\/\/www.sjonara.se\/sv\/wp-content\/uploads\/sites\/2\/PBH-8968-400x300.jpg 400w, https:\/\/www.sjonara.se\/sv\/wp-content\/uploads\/sites\/2\/PBH-8968-768x576.jpg 768w, https:\/\/www.sjonara.se\/sv\/wp-content\/uploads\/sites\/2\/PBH-8968-1536x1152.jpg 1536w, https:\/\/www.sjonara.se\/sv\/wp-content\/uploads\/sites\/2\/PBH-8968-2048x1536.jpg 2048w, https:\/\/www.sjonara.se\/sv\/wp-content\/uploads\/sites\/2\/PBH-8968-200x150.jpg 200w, https:\/\/www.sjonara.se\/sv\/wp-content\/uploads\/sites\/2\/PBH-8968-449x337.jpg 449w\" sizes=\"auto, (max-width: 900px) 100vw, 900px\" \/><\/p>\n<p><b>F\u00e5glarna har gjort honom sjuk<\/b><br \/>\nDet \u00e4r dags f\u00f6r Victor att ta emot de nya patienter som Djurambulansen har l\u00e4mnat i en liten bur vid ing\u00e5ngen. Men innan han kan komma i kontakt med f\u00e5glarna m\u00e5ste han ta p\u00e5 sig handskar och skyddsmask. Att viga sitt liv \u00e5t f\u00e5glarna har inte enbart kostat i tid och pengar. H\u00e4lsan har han offrat med. S\u00e5 pass att han en g\u00e5ng var riktigt n\u00e4ra d\u00f6den. Det visade sig att Victor utvecklat en sv\u00e5r allergi mot damm fr\u00e5n f\u00e5glarna som kallas Hypersensitivitetspneumonit. N\u00e4r han andas in dammet angriper ett enzym fr\u00e5n f\u00e5glarna hans lungor.<br \/>\n\u2013 Jag m\u00e5ste skydda mig annars d\u00f6r jag, ber\u00e4ttar han.<\/p>\n<p>Victor \u00f6ppnar f\u00f6rsiktigt upp luckan till den lilla buren. D\u00e4r, i en l\u00e5da av papp, ligger en tr\u00f6tt liten trast som verkar vara skadad i ena vingen. Han tar tag i den lilla pappersl\u00e5dan och skyndar in i kliniken.<\/p>\n<p>&nbsp;<\/p>\n<p><b>Hur ska du agera om du ser en skadad f\u00e5gel?<\/b><\/p>\n<p>* Ta en bild p\u00e5 f\u00e5geln\/ situationen och skicka ett sms till Stockholms Vildf\u00e5gel rehab p\u00e5 072-56 95 112<br \/>\n* \u00c4r f\u00e5geln i direkt fara s\u00e5 har du till\u00e5telse att flytta p\u00e5 den, men du m\u00e5ste t\u00e4nka p\u00e5 din egen s\u00e4kerhet!<\/p>\n<p>P\u00e5 https:\/\/svr.nu\/hittat-en-fagel\/mer hittar du mer specifik information om olika f\u00e5gelarter i olika situationer.<\/p>\n<p>Vill du vara med och g\u00f6ra skillnad och hj\u00e4lp tusentals f\u00e5glar att \u00e5terf\u00e5 h\u00e4lsan efter sjukdom eller skada? Patienterna \u00e4r helt beroende av din hj\u00e4lp f\u00f6r att kunna sl\u00e4ppas tillbaka i det fria. Alla som arbetar inom verksamheten \u00e4r volont\u00e4rer, s\u00e5 \u00e4ven Svrs veterin\u00e4rer.<br \/>\nDu kan st\u00f6dja Stockholms vildf\u00e5gelrehab genom att bli m\u00e5nadsgivare, ge en g\u00e5va eller bli medlem i v\u00e5r f\u00f6rening. Swishnummer: 123 281 19 58<\/p>\n","protected":false},"excerpt":{"rendered":"<p>P\u00e5 Stockholms Vildf\u00e5gel rehab g\u00f6rs det ingen skillnad p\u00e5 en utsk\u00e4lld stadsduva eller en beundrad havs\u00f6rn. Hos grundaren, eldsj\u00e4len och djurv\u00e4nnen Victor Persson \u00e4r alla f\u00e5glar lika mycket v\u00e4rda. Han \u00e4r k\u00e4nd f\u00f6r att fixa de mest om\u00f6jliga skador p\u00e5 sina patienter &#8211; Med sitt eget liv som insats.<\/p>\n","protected":false},"author":3,"featured_media":43762,"comment_status":"closed","ping_status":"closed","sticky":false,"template":"","format":"standard","meta":{"footnotes":""},"categories":[1],"tags":[],"class_list":["post-43760","post","type-post","status-publish","format-standard","has-post-thumbnail","hentry","category-aktuellt"],"meta_box":[],"_links":{"self":[{"href":"https:\/\/www.sjonara.se\/sv\/wp-json\/wp\/v2\/posts\/43760","targetHints":{"allow":["GET"]}}],"collection":[{"href":"https:\/\/www.sjonara.se\/sv\/wp-json\/wp\/v2\/posts"}],"about":[{"href":"https:\/\/www.sjonara.se\/sv\/wp-json\/wp\/v2\/types\/post"}],"author":[{"embeddable":true,"href":"https:\/\/www.sjonara.se\/sv\/wp-json\/wp\/v2\/users\/3"}],"replies":[{"embeddable":true,"href":"https:\/\/www.sjonara.se\/sv\/wp-json\/wp\/v2\/comments?post=43760"}],"version-history":[{"count":9,"href":"https:\/\/www.sjonara.se\/sv\/wp-json\/wp\/v2\/posts\/43760\/revisions"}],"predecessor-version":[{"id":43775,"href":"https:\/\/www.sjonara.se\/sv\/wp-json\/wp\/v2\/posts\/43760\/revisions\/43775"}],"wp:featuredmedia":[{"embeddable":true,"href":"https:\/\/www.sjonara.se\/sv\/wp-json\/wp\/v2\/media\/43762"}],"wp:attachment":[{"href":"https:\/\/www.sjonara.se\/sv\/wp-json\/wp\/v2\/media?parent=43760"}],"wp:term":[{"taxonomy":"category","embeddable":true,"href":"https:\/\/www.sjonara.se\/sv\/wp-json\/wp\/v2\/categories?post=43760"},{"taxonomy":"post_tag","embeddable":true,"href":"https:\/\/www.sjonara.se\/sv\/wp-json\/wp\/v2\/tags?post=43760"}],"curies":[{"name":"wp","href":"https:\/\/api.w.org\/{rel}","templated":true}]}}