{"id":34847,"date":"2020-04-14T17:18:19","date_gmt":"2020-04-14T15:18:19","guid":{"rendered":"https:\/\/www.sjonara.se\/sv\/?p=34847"},"modified":"2023-04-18T10:13:51","modified_gmt":"2023-04-18T08:13:51","slug":"tips-fran-arkitekten","status":"publish","type":"post","link":"https:\/\/www.sjonara.se\/sv\/2020\/04\/tips-fran-arkitekten\/","title":{"rendered":"Tips fr\u00e5n arkitekten"},"content":{"rendered":"<p>&nbsp;<\/p>\n<p>&nbsp;<\/p>\n<h1 class=\"p1\" style=\"text-align: center\"><i>Vi tr\u00e4ffade arkitekten och sk\u00e4rg\u00e5rds\u00e4lskaren <\/i><i>Cecilia Margen Wigow som ritar hus i sk\u00e4rg\u00e5rdsmilj\u00f6.<\/i><\/h1>\n<p>&nbsp;<\/p>\n<h1><img loading=\"lazy\" decoding=\"async\" class=\"wp-image-34848 aligncenter\" src=\"https:\/\/www.sjonara.se\/sv\/wp-content\/uploads\/sites\/2\/Cecilia-Margen-Wigow_jpg-400x412.jpg\" alt=\"\" width=\"480\" height=\"494\" srcset=\"https:\/\/www.sjonara.se\/sv\/wp-content\/uploads\/sites\/2\/Cecilia-Margen-Wigow_jpg-400x412.jpg 400w, https:\/\/www.sjonara.se\/sv\/wp-content\/uploads\/sites\/2\/Cecilia-Margen-Wigow_jpg-768x791.jpg 768w, https:\/\/www.sjonara.se\/sv\/wp-content\/uploads\/sites\/2\/Cecilia-Margen-Wigow_jpg-900x927.jpg 900w, https:\/\/www.sjonara.se\/sv\/wp-content\/uploads\/sites\/2\/Cecilia-Margen-Wigow_jpg-194x200.jpg 194w, https:\/\/www.sjonara.se\/sv\/wp-content\/uploads\/sites\/2\/Cecilia-Margen-Wigow_jpg-327x337.jpg 327w, https:\/\/www.sjonara.se\/sv\/wp-content\/uploads\/sites\/2\/Cecilia-Margen-Wigow_jpg.jpg 1254w\" sizes=\"auto, (max-width: 480px) 100vw, 480px\" \/><\/h1>\n<h5><\/h5>\n<p class=\"p1\" style=\"text-align: left\">Vi tr\u00e4ffas uppe p\u00e5 Cecilias kontor p\u00e5 Mosebacke med utsikt \u00f6ver tak\u00e5sarna, vattnet och Gr\u00f6na Lunds blinkande bergochdalbanor p\u00e5 andra sidan Saltsj\u00f6n. En bit bort ligger Stockholms sk\u00e4rg\u00e5rd- en plats som ligger Cecilia varmt om hj\u00e4rtat, b\u00e5de i arbetet och privat. Hon har jobbat med att rita hus i sk\u00e4rg\u00e5rdsmilj\u00f6 i 20 \u00e5r. Under sommarhalv\u00e5ret bor hon p\u00e5 M\u00f6ja vilket g\u00f6r att hon l\u00e4tt kan ta sig ut och reka platser och milj\u00f6er.<\/p>\n<p class=\"p1\" style=\"text-align: left\">&#8211; Det viktigaste skedet i processen f\u00f6r mig \u00e4r att analysera platsen d\u00e4r huset ska st\u00e5, f\u00f6rklarar hon.<\/p>\n<p class=\"p1\">&#8211; Jag tycker det \u00e4r j\u00e4tteviktigt att det som byggs \u00e4r i harmoni med platsen p\u00e5 n\u00e5got vis. Det f\u00e5r g\u00e4rna sticka ut men det ska \u00e4nd\u00e5 finnas en harmoni i hur man placerar byggnaderna och hur det samspelar med den \u00f6vriga bebyggelsen. Jag analyserar platsen grundligt. Hur ser det ut topografiskt medberg och annat? Hur skyddar du dig fr\u00e5n v\u00e4der och vind? I sk\u00e4rg\u00e5rden \u00e4r ju det j\u00e4tteviktigt. Kan du med hj\u00e4lp av byggnaderna \u00e5stadkomma l\u00e4?Hur vandrar solen \u00f6ver dagen? Var vill jag dricka mitt morgonkaffe? Var vill jag inta min lunch? Var vill jag vara p\u00e5 kv\u00e4llen? Hur vill jag r\u00f6ra mig p\u00e5 tomten med tanke p\u00e5 v\u00e4der och vind och topografi? Sen placerar man byggnaderna utifr\u00e5n det, ber\u00e4tta Cecilia.<\/p>\n<p class=\"p1\"><span class=\"s1\">&#8211; <\/span>Man vill ju alltid komma \u00e5t den b\u00e4sta utsikten men d\u00e5 t\u00e4nker man kanske inte p\u00e5 att det kan bli v\u00e4ldigt bl\u00e5sigt d\u00e4r uppe p\u00e5 toppen. Ibland s\u00e5 t\u00e4nker man att \u201d\u00e5h det h\u00e4r \u00e4r den vackraste platsen p\u00e5 tomten,h\u00e4r ska huset ligga\u201d, men det \u00e4r inte sj\u00e4lvklart att du alltid ska l\u00e4gga huset exakt p\u00e5 den vackraste platsen, f\u00f6r det \u00e4r kanske d\u00e4r du vill vara och kunna r\u00f6ra dig utomhus. Speciellt n\u00e4r det kommer till fritidshus.<\/p>\n<p>&nbsp;<\/p>\n<p><img loading=\"lazy\" decoding=\"async\" class=\" wp-image-34851\" src=\"https:\/\/www.sjonara.se\/sv\/wp-content\/uploads\/sites\/2\/C3-400x320.jpg\" alt=\"\" width=\"1184\" height=\"947\" srcset=\"https:\/\/www.sjonara.se\/sv\/wp-content\/uploads\/sites\/2\/C3-400x320.jpg 400w, https:\/\/www.sjonara.se\/sv\/wp-content\/uploads\/sites\/2\/C3-768x614.jpg 768w, https:\/\/www.sjonara.se\/sv\/wp-content\/uploads\/sites\/2\/C3-900x720.jpg 900w, https:\/\/www.sjonara.se\/sv\/wp-content\/uploads\/sites\/2\/C3-200x160.jpg 200w, https:\/\/www.sjonara.se\/sv\/wp-content\/uploads\/sites\/2\/C3-421x337.jpg 421w\" sizes=\"auto, (max-width: 1184px) 100vw, 1184px\" \/><\/p>\n<p class=\"p1\"><b>Moderna hus med traditionella material<\/b><\/p>\n<p class=\"p1\">F\u00f6r Cecilia handlar det mycket om att f\u00e5 huset att sm\u00e4lta in i milj\u00f6n samtidigt som det \u00e4r roligt att t\u00e4nka nytt och modernt. Hon jobbar g\u00e4rna med moderna formspr\u00e5k men f\u00f6rs\u00f6ker anv\u00e4nda traditionella material.<\/p>\n<p>&nbsp;<\/p>\n<h1 class=\"p1\" style=\"text-align: center\"><span class=\"s1\"><b>\u201d <\/b><\/span><b>Jag tycker det \u00e4r j\u00e4tteviktigt\u00a0<\/b><b>att det som byggs \u00e4r<\/b><b> i harmoni med <\/b><span class=\"s2\"><b>platsen p\u00e5 n\u00e5got vis<\/b><\/span><span class=\"s3\"><b>\u201d<\/b><\/span><\/h1>\n<p class=\"p1\">&#8211; Jag har jobbat mycket med slamf\u00e4rger som falu r\u00f6df\u00e4rg, falu svart och gr\u00e5 j\u00e4rnvitriol som redan finns i sk\u00e4rg\u00e5rden s\u00e5 att det inte ska bli b\u00e5de fr\u00e4mmande material och ett fr\u00e4mmande formspr\u00e5k. Det kan bli lite f\u00f6r mycket d\u00e4r ute kan jag tycka. D\u00e5 f\u00e5r man byggnaden att sm\u00e4lta in v\u00e4ldigt bra trots den moderna arkitekturen.<\/p>\n<p class=\"p1\"><b>En konceptuell id\u00e9 <\/b><\/p>\n<p class=\"p1\">Ofta kan det vara bra att bygga ett projekt p\u00e5 en konceptuell id\u00e9, ber\u00e4ttar Cecilia. Det gjorde hon, i mycket n\u00e4ra samarbete med sin best\u00e4llare,i projektet Bodby. D\u00e4r var hela id\u00e9en att bygga en modern sk\u00e4rg\u00e5rdsby.<\/p>\n<p class=\"p1\">&#8211;<span class=\"Apple-converted-space\">\u00a0 <\/span>Hela det projektet bygger p\u00e5 att topografin lutar. Vi ritade de sm\u00e5 bodarna med tak som lutar med klipporna, vilket var ett s\u00e4tt att f\u00e5 dem att sm\u00e4lta in b\u00e4ttre. De har \u00e4ven gr\u00e4stak. Inuti de sm\u00e5 bodarna<span class=\"Apple-converted-space\">\u00a0 <\/span>fungerar de olika niv\u00e5erna<span class=\"Apple-converted-space\">\u00a0 <\/span>som rums-avdelare trots att det \u00e4r ett enda stort rum. Ett \u00f6vre plan i sovrummet, ett mellanplan i vardagsrummet och l\u00e4ngst ner ett k\u00f6k precis som en trappa.<\/p>\n<p>&nbsp;<\/p>\n<p><img loading=\"lazy\" decoding=\"async\" class=\" wp-image-34850\" src=\"https:\/\/www.sjonara.se\/sv\/wp-content\/uploads\/sites\/2\/2.-Vy-fra\u030an-vatten-nordost-a\u030ake-Eson-400x267.jpg\" alt=\"\" width=\"1193\" height=\"797\" srcset=\"https:\/\/www.sjonara.se\/sv\/wp-content\/uploads\/sites\/2\/2.-Vy-fra\u030an-vatten-nordost-a\u030ake-Eson-400x267.jpg 400w, https:\/\/www.sjonara.se\/sv\/wp-content\/uploads\/sites\/2\/2.-Vy-fra\u030an-vatten-nordost-a\u030ake-Eson-768x512.jpg 768w, https:\/\/www.sjonara.se\/sv\/wp-content\/uploads\/sites\/2\/2.-Vy-fra\u030an-vatten-nordost-a\u030ake-Eson-900x600.jpg 900w, https:\/\/www.sjonara.se\/sv\/wp-content\/uploads\/sites\/2\/2.-Vy-fra\u030an-vatten-nordost-a\u030ake-Eson-200x133.jpg 200w, https:\/\/www.sjonara.se\/sv\/wp-content\/uploads\/sites\/2\/2.-Vy-fra\u030an-vatten-nordost-a\u030ake-Eson-506x337.jpg 506w, https:\/\/www.sjonara.se\/sv\/wp-content\/uploads\/sites\/2\/2.-Vy-fra\u030an-vatten-nordost-a\u030ake-Eson-540x360.jpg 540w\" sizes=\"auto, (max-width: 1193px) 100vw, 1193px\" \/><\/p>\n<p>&nbsp;<\/p>\n<p class=\"p1\"><b>Ibland f\u00e5r man t\u00e4nka om<\/b><\/p>\n<p class=\"p1\">Regler om bygglov och detaljplaner kan ibland st\u00e4lla till det. Dr\u00f6mhuset du haft l\u00e4nge i huvudet kanske inte blir s\u00e5 som du t\u00e4nkt p\u00e5 grund av att kommunen s\u00e4tter stopp. D\u00e5 g\u00e4ller det att kunna t\u00e4nka om, f\u00f6rklarar Cecilia. Och ibland kanske det blir \u00e4nnu b\u00e4ttre \u00e4n ursprungstanken. Precis s\u00e5 var det i projektet med bodarna i yttersk\u00e4rg\u00e5rden.<\/p>\n<p class=\"p1\">&#8211;<span class=\"Apple-converted-space\">\u00a0 <\/span>Det fanns ett antal bodar d\u00e4r redan vilket betydde att det fanns en byggr\u00e4tt. I detta projektet var jag inkopplad tidigt d\u00e5 min kund ville ha r\u00e5d om de skulle v\u00e5ga k\u00f6pa \u00f6n eller inte. Vi hade kontakt med kommunen och fick veta att vi i alla fall fick bygga minst s\u00e5 som det redan var.<\/p>\n<p class=\"p1\">Mer \u00e4n s\u00e5 kunde de inte s\u00e4ga f\u00f6r det berodde p\u00e5 hur och vad vi skulle g\u00f6ra. Vi gjorde en platsanalys och hade en diskussion om hur man skulle l\u00e4gga husen, ber\u00e4ttar Cecilia.<\/p>\n<p class=\"p1\">&#8211; Best\u00e4llaren och \u00e4ven jag kom fram till att vi tyckte att huset skulle ligga p\u00e5 h\u00f6gsta toppen av berget f\u00f6r att f\u00e5 mest utsikt \u00f6verallt men d\u00e5 sa kommunen \u201dnej det blir f\u00f6r synligt\u201d. Vi flyttade ist\u00e4llet ner huset i en dalg\u00e5ng och det blev j\u00e4ttebra! N\u00e4r vi lade husen nere i dalg\u00e5ngen, skyddad av berget,<span class=\"Apple-converted-space\">\u00a0 <\/span>s\u00e5 f\u00f6rst\u00e4rkte det bergsryggen vilket blev v\u00e4ldigt harmoniskt. Jag tycker till och med att det blev mycket b\u00e4ttre. Ist\u00e4llet s\u00e5 byggde vi ett ganska litet hus d\u00e4r h\u00f6gst upp p\u00e5 toppen.<\/p>\n<p class=\"p1\"><b>Strandskyddslagen p\u00e5verkar hur du f\u00e5r bygga p\u00e5 din tomt<\/b><\/p>\n<p class=\"p1\">&#8211; Det \u00e4r l\u00e4tt att tro att man f\u00e5r bygga hur som helst om du har en stor tomt, eller om du till exempel \u00e4ger en hel \u00f6. Men d\u00e4r kan kommunen ocks\u00e5 ha \u00e5sikter om hur du ska bygga.<span class=\"Apple-converted-space\">\u00a0 <\/span>Kommunen anger en tomtplatsavgr\u00e4nsning och inom 15 meter fr\u00e5n<\/p>\n<p class=\"p1\">huvudbyggnaden f\u00e5r du placera dina \u00f6vriga hus. Du f\u00e5r inte sprida ut husen hur du vill p\u00e5 \u00f6n utan det brukar vara s\u00e5 att kommunen villl att man ska samla bebyggelsen s\u00e5 att resten av \u00f6n eller tomten ska vara tillg\u00e4nglig f\u00f6r allm\u00e4nheten, \u00e4ven om det \u00e4r du som \u00e4ger den. Det \u00e4r strandskyddslagen som p\u00e5verkar det. Detta \u00e4r n\u00e5got som m\u00e5nga inte k\u00e4nner till. Man k\u00f6per en \u00f6 och s\u00e5 t\u00e4nker man att \u201dJag vill ha ett hus h\u00e4r, och s\u00e5 vill jag ha ett annat hus h\u00e4r borta\u201d.<\/p>\n<p class=\"p1\"><b>Hur t\u00e4nker du kring h\u00e5llbarhet?<\/b><\/p>\n<p class=\"p1\">&#8211; Att t\u00e4nka p\u00e5 h\u00e5llbarhet \u00e4r ju h\u00f6gaktuellt. H\u00e5llbarhet kan ju vara m\u00e5nga olika saker. Det \u00e4r ett antal val man g\u00f6r som handlar om hur man gestaltar huset, vilka material det har och hur det v\u00e4rms upp. Det kan handla om att g\u00f6ra effektiva planl\u00f6sningar p\u00e5 huset s\u00e5 att det inte beh\u00f6ver bli s\u00e5 stort, och p\u00e5 s\u00e5 vis kunna spara p\u00e5 resurser.<\/p>\n<p class=\"p1\">Det kan \u00e4ven handla om materialval. Tr\u00e4 \u00e4r ju tradition ute i sk\u00e4rg\u00e5rden och det \u00e4r enkelt att hantera med transporter. Det \u00e4r rent opraktiskt att v\u00e4lja att gjuta betong ute p\u00e5 \u00f6ar. Betong, tegel och st\u00e5l &#8211; inget av det \u00e4r f\u00f6rnybart p\u00e5 samma s\u00e4tt.<\/p>\n<p class=\"p1\">Tr\u00e4 v\u00e4xer ju hela tiden. F\u00f6rutom materialvalen s\u00e5 \u00e4r energiaspekten viktig.<\/p>\n<p class=\"p1\">&#8211;<span class=\"Apple-converted-space\">\u00a0 <\/span>I varje projekt s\u00e5 f\u00f6rs\u00f6ker jag v\u00e4lja det uppv\u00e4rmningssystem som \u00e4r s\u00e5 klimatsmart som m\u00f6jligt. Vi ska ocks\u00e5 f\u00f6rs\u00f6ka bygga hus som klarar av att h\u00e5lla v\u00e4rmen. D\u00e4r \u00e4r ju passivhus bra, p\u00e5 grund av att det tillverkar energi. Men ett problem \u00e4r att f\u00f6nstren inte ska vara s\u00e5 stora <b>och i sk\u00e4rg\u00e5rden vill vi ju ha stora f\u00f6nster! <\/b><\/p>\n<p class=\"p1\">S\u00e5 d\u00e4r f\u00e5r man t\u00e4nka till lite hur man kan l\u00f6sa det. I sk\u00e4rg\u00e5rden kan det ju regna horisontellt, s\u00e5 det \u00e4r viktigt att f\u00e5 huset t\u00e4tt! Det \u00e4r a och o.<\/p>\n<h1 class=\"p4\"><b>\u201dDet \u00e4r en j\u00e4ttestor skillnad p\u00e5 vad vi kr\u00e4ver av v\u00e5ra fritidshus idag\u201d<\/b><\/h1>\n<p class=\"p1\">&#8211; Under de 20 \u00e5r som jag jobbat i sk\u00e4rg\u00e5rden ser jag en j\u00e4ttestor skillnad<span class=\"Apple-converted-space\">\u00a0 <\/span>p\u00e5 vad vi idag kr\u00e4ver av v\u00e5ra fritidshus. \u00c4ven l\u00e5ngt ut i yttersk\u00e4rg\u00e5rden s\u00e5 vill du kanske ha din diskmaskin eller tv\u00e4ttmaskin. F\u00f6rut kanske m\u00e5nga s\u00e5g en charm i att pumpa upp vattnet eller att g\u00e5 p\u00e5 utedasset, men idag ska det ofta vara toppmodernt.Vi \u00e4r v\u00e4ldigt bekv\u00e4ma av oss. Detta g\u00f6r att vi bygger p\u00e5 ett annat s\u00e4tt i sk\u00e4rg\u00e5rden idag.<\/p>\n<p class=\"p1\"><b>Ser du n\u00e5gra trender som r\u00e5der just nu eller som \u00e4r p\u00e5 g\u00e5ng? <\/b><\/p>\n<p class=\"p1\">&#8211; Sj\u00e4lv tycker jag kanske att man ska hitta n\u00e5got som \u00e4r klassiskt och som h\u00e5ller genom \u00e5ren. N\u00e5got tidl\u00f6st. Men en sak som man kan se \u00e4r att vi g\u00f6r mer tekniskt avancerade hus. Det \u00e4r absolut en trend skulle jag vilja s\u00e4ga. Om man t\u00e4nker gestaltningsm\u00e4ssigt s\u00e5 har vi haft en period d\u00e4r vi ritat mycket l\u00e5dor- slimmade hus med f\u00e5 takf\u00f6tter. Jag tror p\u00e5 takets \u00e5terkomst! Det \u00e4r en liten privatspaning, s\u00e4ger Cecilia och skrattar.<\/p>\n<p class=\"p1\">&#8211; Jag tycker mig se att taken kommer f\u00e5 en storhetstid. Nu har vi gjort de h\u00e4r l\u00e5dorna ett tag, och dom \u00e4r j\u00e4ttefina, men jag tror att man vill g\u00e5 tillbaks till att utforma hus med tak p\u00e5 olika sp\u00e4nnande s\u00e4tt. Gr\u00e4stak och l\u00e5nga takutspr\u00e5ng, lite \u00e5t den japanska stilen. Jag tror p\u00e5 inspiration fr\u00e5n Japan n\u00e4r det g\u00e4ller tak och terasser.<\/p>\n<p>&nbsp;<\/p>\n","protected":false},"excerpt":{"rendered":"<p>Vi tr\u00e4ffade arkitekten och sk\u00e4rg\u00e5rds\u00e4lskaren Cecilia Margen Wigow som ritar hus i sk\u00e4rg\u00e5rdsmilj\u00f6.<\/p>\n","protected":false},"author":3,"featured_media":34849,"comment_status":"closed","ping_status":"closed","sticky":false,"template":"","format":"standard","meta":{"footnotes":""},"categories":[14,13],"tags":[],"class_list":["post-34847","post","type-post","status-publish","format-standard","has-post-thumbnail","hentry","category-huvudreportage","category-livsstil"],"meta_box":[],"_links":{"self":[{"href":"https:\/\/www.sjonara.se\/sv\/wp-json\/wp\/v2\/posts\/34847","targetHints":{"allow":["GET"]}}],"collection":[{"href":"https:\/\/www.sjonara.se\/sv\/wp-json\/wp\/v2\/posts"}],"about":[{"href":"https:\/\/www.sjonara.se\/sv\/wp-json\/wp\/v2\/types\/post"}],"author":[{"embeddable":true,"href":"https:\/\/www.sjonara.se\/sv\/wp-json\/wp\/v2\/users\/3"}],"replies":[{"embeddable":true,"href":"https:\/\/www.sjonara.se\/sv\/wp-json\/wp\/v2\/comments?post=34847"}],"version-history":[{"count":54,"href":"https:\/\/www.sjonara.se\/sv\/wp-json\/wp\/v2\/posts\/34847\/revisions"}],"predecessor-version":[{"id":37294,"href":"https:\/\/www.sjonara.se\/sv\/wp-json\/wp\/v2\/posts\/34847\/revisions\/37294"}],"wp:featuredmedia":[{"embeddable":true,"href":"https:\/\/www.sjonara.se\/sv\/wp-json\/wp\/v2\/media\/34849"}],"wp:attachment":[{"href":"https:\/\/www.sjonara.se\/sv\/wp-json\/wp\/v2\/media?parent=34847"}],"wp:term":[{"taxonomy":"category","embeddable":true,"href":"https:\/\/www.sjonara.se\/sv\/wp-json\/wp\/v2\/categories?post=34847"},{"taxonomy":"post_tag","embeddable":true,"href":"https:\/\/www.sjonara.se\/sv\/wp-json\/wp\/v2\/tags?post=34847"}],"curies":[{"name":"wp","href":"https:\/\/api.w.org\/{rel}","templated":true}]}}